{"id":74162,"date":"2024-02-21T13:30:00","date_gmt":"2024-02-21T13:30:00","guid":{"rendered":"https:\/\/info.viviarto.com\/gala-danse-themes\/"},"modified":"2026-03-01T08:06:29","modified_gmt":"2026-03-01T08:06:29","slug":"gala-de-danza-thematicas","status":"publish","type":"post","link":"https:\/\/info.viviarto.com\/es\/gala-de-danza-thematicas\/","title":{"rendered":"6 tem\u00e1ticas inspiradoras para una gala de danza"},"content":{"rendered":"\n<div style=\"height:30px\" aria-hidden=\"true\" class=\"wp-block-spacer\"><\/div>\n\n\n\n<h2 class=\"wp-block-heading\"><strong>1. Viaje alrededor del mundo<\/strong><\/h2>\n\n\n\n<div style=\"height:10px\" aria-hidden=\"true\" class=\"wp-block-spacer\"><\/div>\n\n\n\n<div class=\"wp-block-columns is-layout-flex wp-container-core-columns-is-layout-28f84493 wp-block-columns-is-layout-flex\">\n<div class=\"wp-block-column is-vertically-aligned-center is-layout-flow wp-block-column-is-layout-flow\">\n<p>Lleva a tu p\u00fablico a un <strong>viaje alrededor del mundo<\/strong> en tu <strong>gala de danza<\/strong>. Esta tem\u00e1tica es ideal si tu escuela o asociaci\u00f3n trabaja <strong>estilos variados<\/strong>. Da unidad al espect\u00e1culo. Y permite mostrar la riqueza de cada grupo.<\/p>\n\n\n\n<p>Al convertir tu gala de danza en un recorrido internacional, cada coreograf\u00eda se vuelve una <strong>experiencia cultural<\/strong>. El p\u00fablico no solo ve bailarines. Descubre <strong>tradiciones, m\u00fasica, vestuario y emociones<\/strong> propias de cada lugar.<\/p>\n\n\n\n<p>Para unir todas las actuaciones, crea un hilo conductor. Por ejemplo, un <strong>explorador<\/strong> que recorre los continentes buscando <strong>nuevas danzas<\/strong>. Ese recurso narrativo aporta coherencia. Y mantiene la atenci\u00f3n durante toda la gala de danza.<\/p>\n<\/div>\n\n\n\n<div class=\"wp-block-column is-layout-flow wp-block-column-is-layout-flow\">\n<figure class=\"wp-block-image aligncenter size-large is-resized\"><img fetchpriority=\"high\" decoding=\"async\" width=\"2048\" height=\"2048\" src=\"https:\/\/info.viviarto.com\/wp-content\/uploads\/2024\/02\/tim-mossholder-3qglmiP1HK0-unsplash-edited-scaled.jpg\" alt=\"tem\u00e1ticas para una gala de danza\" class=\"wp-image-72074\" style=\"width:320px;height:auto\" srcset=\"https:\/\/info.viviarto.com\/wp-content\/uploads\/2024\/02\/tim-mossholder-3qglmiP1HK0-unsplash-edited-scaled.jpg 2048w, https:\/\/info.viviarto.com\/wp-content\/uploads\/2024\/02\/tim-mossholder-3qglmiP1HK0-unsplash-edited-300x300.jpg 300w, https:\/\/info.viviarto.com\/wp-content\/uploads\/2024\/02\/tim-mossholder-3qglmiP1HK0-unsplash-edited-1024x1024.jpg 1024w, https:\/\/info.viviarto.com\/wp-content\/uploads\/2024\/02\/tim-mossholder-3qglmiP1HK0-unsplash-edited-180x180.jpg 180w, https:\/\/info.viviarto.com\/wp-content\/uploads\/2024\/02\/tim-mossholder-3qglmiP1HK0-unsplash-edited-768x768.jpg 768w, https:\/\/info.viviarto.com\/wp-content\/uploads\/2024\/02\/tim-mossholder-3qglmiP1HK0-unsplash-edited-1536x1536.jpg 1536w\" sizes=\"(max-width: 2048px) 100vw, 2048px\" \/><\/figure>\n<\/div>\n<\/div>\n\n\n\n<div style=\"height:20px\" aria-hidden=\"true\" class=\"wp-block-spacer\"><\/div>\n\n\n\n<h3 class=\"wp-block-heading\">\u00c1frica: fusi\u00f3n de danza contempor\u00e1nea y tradicional<\/h3>\n\n\n\n<div style=\"height:5px\" aria-hidden=\"true\" class=\"wp-block-spacer\"><\/div>\n\n\n\n<p>\u00c1frica es perfecta para una <strong>fusi\u00f3n de danza tradicional y contempor\u00e1nea<\/strong>. El resultado es un n\u00famero <strong>vibrante y en\u00e9rgico<\/strong>. Tambi\u00e9n es una forma de celebrar la <strong>diversidad cultural<\/strong> del continente.<\/p>\n\n\n\n<p>Puedes alternar ritmos tribales con movimientos modernos. El vestuario puede inspirarse en <strong>tejidos, estampados y colores africanos<\/strong>. As\u00ed, tu gala de danza gana fuerza visual y car\u00e1cter.<\/p>\n\n\n\n<div style=\"height:20px\" aria-hidden=\"true\" class=\"wp-block-spacer\"><\/div>\n\n\n\n<h3 class=\"wp-block-heading\">India: una gala al ritmo de Bollywood<\/h3>\n\n\n\n<div style=\"height:5px\" aria-hidden=\"true\" class=\"wp-block-spacer\"><\/div>\n\n\n\n<p>India aporta <strong>Bollywood<\/strong>, es decir, <strong>teatro, m\u00fasica y coreograf\u00eda<\/strong> en un mismo n\u00famero. Es ideal si buscas una escena <strong>espectacular y muy expresiva<\/strong> para tu gala de danza.<\/p>\n\n\n\n<p>Las coreograf\u00edas pueden incluir gestos narrativos y cambios de ritmo. Los trajes, <strong>tradicionales y coloridos<\/strong>, refuerzan la ambientaci\u00f3n. Y la m\u00fasica crea un ambiente festivo que engancha al p\u00fablico.<\/p>\n\n\n\n<div style=\"height:20px\" aria-hidden=\"true\" class=\"wp-block-spacer\"><\/div>\n\n\n\n<h3 class=\"wp-block-heading\">Argentina: la pasi\u00f3n del tango<\/h3>\n\n\n\n<div style=\"height:5px\" aria-hidden=\"true\" class=\"wp-block-spacer\"><\/div>\n\n\n\n<div class=\"wp-block-columns is-layout-flex wp-container-core-columns-is-layout-28f84493 wp-block-columns-is-layout-flex\">\n<div class=\"wp-block-column is-layout-flow wp-block-column-is-layout-flow\" style=\"flex-basis:35%\">\n<figure class=\"wp-block-image alignleft size-medium is-resized\"><img decoding=\"async\" width=\"2048\" height=\"2048\" src=\"https:\/\/info.viviarto.com\/wp-content\/uploads\/2024\/02\/preillumination-seth-77ETWrhFAic-unsplash-edited-scaled.jpg\" alt=\"tem\u00e1ticas para una gala de danza\" class=\"wp-image-72075\" style=\"width:328px;height:auto\" srcset=\"https:\/\/info.viviarto.com\/wp-content\/uploads\/2024\/02\/preillumination-seth-77ETWrhFAic-unsplash-edited-scaled.jpg 2048w, https:\/\/info.viviarto.com\/wp-content\/uploads\/2024\/02\/preillumination-seth-77ETWrhFAic-unsplash-edited-300x300.jpg 300w, https:\/\/info.viviarto.com\/wp-content\/uploads\/2024\/02\/preillumination-seth-77ETWrhFAic-unsplash-edited-1024x1024.jpg 1024w, https:\/\/info.viviarto.com\/wp-content\/uploads\/2024\/02\/preillumination-seth-77ETWrhFAic-unsplash-edited-180x180.jpg 180w, https:\/\/info.viviarto.com\/wp-content\/uploads\/2024\/02\/preillumination-seth-77ETWrhFAic-unsplash-edited-768x768.jpg 768w, https:\/\/info.viviarto.com\/wp-content\/uploads\/2024\/02\/preillumination-seth-77ETWrhFAic-unsplash-edited-1536x1536.jpg 1536w\" sizes=\"(max-width: 2048px) 100vw, 2048px\" \/><\/figure>\n<\/div>\n\n\n\n<div class=\"wp-block-column is-vertically-aligned-center is-layout-flow wp-block-column-is-layout-flow\" style=\"flex-basis:65%\">\n<p>Argentina te lleva al <strong>tango<\/strong>, una danza de <strong>pasi\u00f3n e intensidad<\/strong>. Es perfecta para introducir una parte m\u00e1s dram\u00e1tica y elegante dentro de la gala de danza.<\/p>\n\n\n\n<p>El tango funciona muy bien en d\u00faos. La conexi\u00f3n entre bailarines crea tensi\u00f3n esc\u00e9nica. Y los movimientos marcados transmiten <strong>nostalgia y emoci\u00f3n<\/strong>.<\/p>\n<\/div>\n<\/div>\n\n\n\n<div style=\"height:20px\" aria-hidden=\"true\" class=\"wp-block-spacer\"><\/div>\n\n\n\n<h3 class=\"wp-block-heading\">Jap\u00f3n: tradici\u00f3n y modernidad en armon\u00eda<\/h3>\n\n\n\n<div style=\"height:5px\" aria-hidden=\"true\" class=\"wp-block-spacer\"><\/div>\n\n\n\n<p>Jap\u00f3n te permite trabajar una <strong>fusi\u00f3n entre tradici\u00f3n y modernidad<\/strong>. Puedes combinar danzas cl\u00e1sicas con elementos contempor\u00e1neos para conseguir una puesta en escena <strong>refinada y sorprendente<\/strong>.<\/p>\n\n\n\n<p>El contraste entre gestos delicados y energ\u00eda moderna crea impacto. Adem\u00e1s, la est\u00e9tica japonesa aporta <strong>elegancia, precisi\u00f3n y fuerza visual<\/strong> a tu gala de danza.<\/p>\n\n\n\n<p><strong>En resumen<\/strong>, \u201cViaje alrededor del mundo\u201d convierte tu gala de danza en una <strong>odisea cultural<\/strong>. Es una tem\u00e1tica <strong>coherente, variada y muy atractiva<\/strong> para el p\u00fablico.<\/p>\n\n\n\n<div style=\"height:30px\" aria-hidden=\"true\" class=\"wp-block-spacer\"><\/div>\n\n\n\n<h2 class=\"wp-block-heading\"><strong>2. Las cuatro estaciones para tu gala de danza<\/strong><\/h2>\n\n\n\n<div style=\"height:10px\" aria-hidden=\"true\" class=\"wp-block-spacer\"><\/div>\n\n\n\n<div class=\"wp-block-columns is-layout-flex wp-container-core-columns-is-layout-28f84493 wp-block-columns-is-layout-flex\">\n<div class=\"wp-block-column is-vertically-aligned-center is-layout-flow wp-block-column-is-layout-flow\">\n<p>Las <strong>Cuatro Estaciones<\/strong> son un cl\u00e1sico que funciona siempre en una <strong>gala de danza<\/strong>. \u00bfPor qu\u00e9? Porque ofrece una estructura clara. Y porque permite trabajar <strong>emociones y est\u00e9ticas muy diferentes<\/strong>.<\/p>\n\n\n\n<p>Esta tem\u00e1tica abre una ventana a la belleza de los ciclos naturales. Da a los core\u00f3grafos un marco muy rico. Y permite que cada grupo encuentre su lugar dentro del espect\u00e1culo. El p\u00fablico lo entiende enseguida. Y disfruta viendo c\u00f3mo cambia la atm\u00f3sfera de una estaci\u00f3n a otra.<\/p>\n\n\n\n<p>Adem\u00e1s, es una opci\u00f3n muy visual. Vestuario, luces y m\u00fasica pueden reforzar cada momento. As\u00ed, la gala de danza se vuelve <strong>inmersiva<\/strong>. Y cada parte se siente como un peque\u00f1o mundo.<\/p>\n<\/div>\n\n\n\n<div class=\"wp-block-column is-layout-flow wp-block-column-is-layout-flow\">\n<figure class=\"wp-block-image size-large\"><img decoding=\"async\" width=\"1024\" height=\"683\" src=\"https:\/\/info.viviarto.com\/wp-content\/uploads\/2024\/02\/fiona-bowden-MejvHgEvKz4-unsplash-1024x683.jpg\" alt=\"tem\u00e1ticas para una gala de danza\" class=\"wp-image-72077\" srcset=\"https:\/\/info.viviarto.com\/wp-content\/uploads\/2024\/02\/fiona-bowden-MejvHgEvKz4-unsplash-1024x683.jpg 1024w, https:\/\/info.viviarto.com\/wp-content\/uploads\/2024\/02\/fiona-bowden-MejvHgEvKz4-unsplash-300x200.jpg 300w, https:\/\/info.viviarto.com\/wp-content\/uploads\/2024\/02\/fiona-bowden-MejvHgEvKz4-unsplash-180x120.jpg 180w, https:\/\/info.viviarto.com\/wp-content\/uploads\/2024\/02\/fiona-bowden-MejvHgEvKz4-unsplash-768x512.jpg 768w, https:\/\/info.viviarto.com\/wp-content\/uploads\/2024\/02\/fiona-bowden-MejvHgEvKz4-unsplash-1536x1024.jpg 1536w, https:\/\/info.viviarto.com\/wp-content\/uploads\/2024\/02\/fiona-bowden-MejvHgEvKz4-unsplash-scaled.jpg 2048w\" sizes=\"(max-width: 1024px) 100vw, 1024px\" \/><\/figure>\n<\/div>\n<\/div>\n\n\n\n<div style=\"height:20px\" aria-hidden=\"true\" class=\"wp-block-spacer\"><\/div>\n\n\n\n<h3 class=\"wp-block-heading\">Primavera: renacimiento y frescura<\/h3>\n\n\n\n<div style=\"height:5px\" aria-hidden=\"true\" class=\"wp-block-spacer\"><\/div>\n\n\n\n<div class=\"wp-block-columns is-layout-flex wp-container-core-columns-is-layout-28f84493 wp-block-columns-is-layout-flex\">\n<div class=\"wp-block-column is-layout-flow wp-block-column-is-layout-flow\">\n<figure class=\"wp-block-image size-large is-resized\"><img loading=\"lazy\" decoding=\"async\" width=\"1024\" height=\"683\" src=\"https:\/\/info.viviarto.com\/wp-content\/uploads\/2024\/02\/daria-trofimova-yhtRG5GWTIE-unsplash-1-1024x683.jpg\" alt=\"tem\u00e1ticas para una gala de danza\" class=\"wp-image-72078\" style=\"width:402px;height:auto\" srcset=\"https:\/\/info.viviarto.com\/wp-content\/uploads\/2024\/02\/daria-trofimova-yhtRG5GWTIE-unsplash-1-1024x683.jpg 1024w, https:\/\/info.viviarto.com\/wp-content\/uploads\/2024\/02\/daria-trofimova-yhtRG5GWTIE-unsplash-1-300x200.jpg 300w, https:\/\/info.viviarto.com\/wp-content\/uploads\/2024\/02\/daria-trofimova-yhtRG5GWTIE-unsplash-1-180x120.jpg 180w, https:\/\/info.viviarto.com\/wp-content\/uploads\/2024\/02\/daria-trofimova-yhtRG5GWTIE-unsplash-1-768x512.jpg 768w, https:\/\/info.viviarto.com\/wp-content\/uploads\/2024\/02\/daria-trofimova-yhtRG5GWTIE-unsplash-1-1536x1024.jpg 1536w, https:\/\/info.viviarto.com\/wp-content\/uploads\/2024\/02\/daria-trofimova-yhtRG5GWTIE-unsplash-1-scaled.jpg 2048w\" sizes=\"(max-width: 1024px) 100vw, 1024px\" \/><\/figure>\n<\/div>\n\n\n\n<div class=\"wp-block-column is-vertically-aligned-center is-layout-flow wp-block-column-is-layout-flow\">\n<p>La primavera representa <strong>renacimiento y renovaci\u00f3n<\/strong>. La naturaleza despierta. Los d\u00edas se alargan. Y todo transmite ligereza.<\/p>\n\n\n\n<p>Las coreograf\u00edas pueden ser <strong>fluidas y energ\u00e9ticas<\/strong>. Los colores, <strong>vivos y luminosos<\/strong>. El vestuario puede inspirarse en <strong>flores y verde naciente<\/strong>. La m\u00fasica puede ser ligera y alegre. Es una estaci\u00f3n perfecta para los grupos m\u00e1s j\u00f3venes. Ellos \u201cflorecen\u201d en escena.<\/p>\n<\/div>\n<\/div>\n\n\n\n<div style=\"height:20px\" aria-hidden=\"true\" class=\"wp-block-spacer\"><\/div>\n\n\n\n<h3 class=\"wp-block-heading\">Verano: energ\u00eda y vitalidad<\/h3>\n\n\n\n<div style=\"height:5px\" aria-hidden=\"true\" class=\"wp-block-spacer\"><\/div>\n\n\n\n<p>El verano simboliza <strong>exuberancia y vitalidad<\/strong>. Es el momento de celebrar la vida en su m\u00e1ximo esplendor.<\/p>\n\n\n\n<p>Aqu\u00ed funcionan bien ritmos potentes y coreograf\u00edas llenas de energ\u00eda. El vestuario puede ser <strong>brillante y c\u00e1lido<\/strong>. Los movimientos pueden evocar fiestas, vacaciones y alegr\u00eda. Es una parte ideal para subir el ritmo de la gala de danza y contagiar entusiasmo al p\u00fablico.<\/p>\n\n\n\n<div style=\"height:20px\" aria-hidden=\"true\" class=\"wp-block-spacer\"><\/div>\n\n\n\n<h3 class=\"wp-block-heading\">Automne : m\u00e9lancolie et transition pour votre gala de danse<\/h3>\n\n\n\n<div style=\"height:5px\" aria-hidden=\"true\" class=\"wp-block-spacer\"><\/div>\n\n\n\n<p>El oto\u00f1o trae <strong>transici\u00f3n y melancol\u00eda<\/strong>. Los colores se vuelven m\u00e1s c\u00e1lidos. Y aparece una sensaci\u00f3n de cambio.<\/p>\n\n\n\n<p>Las coreograf\u00edas pueden inspirarse en hojas que caen y tardes m\u00e1s frescas. Los movimientos pueden ser m\u00e1s introspectivos. El vestuario puede usar tonos <strong>naranja, rojo y dorado<\/strong>. Y la m\u00fasica puede ser m\u00e1s profunda, sin perder belleza. Esta estaci\u00f3n aporta emoci\u00f3n y matices a la gala de danza.<\/p>\n\n\n\n<div style=\"height:20px\" aria-hidden=\"true\" class=\"wp-block-spacer\"><\/div>\n\n\n\n<div class=\"wp-block-columns is-layout-flex wp-container-core-columns-is-layout-28f84493 wp-block-columns-is-layout-flex\">\n<div class=\"wp-block-column is-vertically-aligned-center is-layout-flow wp-block-column-is-layout-flow\">\n<h3 class=\"wp-block-heading\">Invierno: calma e introspecci\u00f3n<\/h3>\n\n\n\n<div style=\"height:5px\" aria-hidden=\"true\" class=\"wp-block-spacer\"><\/div>\n\n\n\n<p>El invierno representa <strong>tranquilidad e introspecci\u00f3n<\/strong>. Es la estaci\u00f3n del silencio, del descanso y de la reflexi\u00f3n.<\/p>\n\n\n\n<p>Las coreograf\u00edas pueden usar movimientos lentos y elegantes. Como si fueran nieve cayendo. El vestuario puede incluir <strong>blanco, azul y plata<\/strong>. Con detalles que recuerden hielo y nieve. La m\u00fasica puede ser suave y mel\u00f3dica. Esta parte aporta un cierre po\u00e9tico y sereno dentro de la gala de danza.<\/p>\n<\/div>\n\n\n\n<div class=\"wp-block-column is-layout-flow wp-block-column-is-layout-flow\">\n<figure class=\"wp-block-image alignright size-medium is-resized\"><img loading=\"lazy\" decoding=\"async\" width=\"200\" height=\"300\" src=\"https:\/\/info.viviarto.com\/wp-content\/uploads\/2024\/02\/leon-liu-TgrsRDe-cEY-unsplash-200x300.jpg\" alt=\"tem\u00e1ticas para una gala de danza\" class=\"wp-image-72083\" style=\"width:255px;height:auto\" srcset=\"https:\/\/info.viviarto.com\/wp-content\/uploads\/2024\/02\/leon-liu-TgrsRDe-cEY-unsplash-200x300.jpg 200w, https:\/\/info.viviarto.com\/wp-content\/uploads\/2024\/02\/leon-liu-TgrsRDe-cEY-unsplash-683x1024.jpg 683w, https:\/\/info.viviarto.com\/wp-content\/uploads\/2024\/02\/leon-liu-TgrsRDe-cEY-unsplash-120x180.jpg 120w, https:\/\/info.viviarto.com\/wp-content\/uploads\/2024\/02\/leon-liu-TgrsRDe-cEY-unsplash-768x1152.jpg 768w, https:\/\/info.viviarto.com\/wp-content\/uploads\/2024\/02\/leon-liu-TgrsRDe-cEY-unsplash-1024x1536.jpg 1024w, https:\/\/info.viviarto.com\/wp-content\/uploads\/2024\/02\/leon-liu-TgrsRDe-cEY-unsplash-scaled.jpg 1365w\" sizes=\"(max-width: 200px) 100vw, 200px\" \/><\/figure>\n<\/div>\n<\/div>\n\n\n\n<div style=\"height:30px\" aria-hidden=\"true\" class=\"wp-block-spacer\"><\/div>\n\n\n\n<h2 class=\"wp-block-heading\"><strong>3. Otra tem\u00e1tica para tu gala de danza: las \u00e9pocas hist\u00f3ricas<\/strong><\/h2>\n\n\n\n<div style=\"height:10px\" aria-hidden=\"true\" class=\"wp-block-spacer\"><\/div>\n\n\n\n<p>Elegir las <strong>\u00e9pocas hist\u00f3ricas<\/strong> como tema para tu <strong>gala de danza<\/strong> permite realizar un aut\u00e9ntico viaje en el tiempo. Es una propuesta que combina cultura, est\u00e9tica y emoci\u00f3n. Adem\u00e1s, ofrece muchas posibilidades esc\u00e9nicas.<\/p>\n\n\n\n<p>Esta tem\u00e1tica permite recrear <strong>ambientes, vestuarios y estilos de movimiento<\/strong> propios de cada periodo. Los bailarines no solo interpretan una coreograf\u00eda. Tambi\u00e9n encarnan personajes, actitudes y emociones propias de otra \u00e9poca.<\/p>\n\n\n\n<p>Tu gala de danza puede estructurarse como una l\u00ednea temporal. Cada bloque representa un momento hist\u00f3rico diferente. As\u00ed, el p\u00fablico vive una experiencia variada y enriquecedora.<\/p>\n\n\n\n<div style=\"height:20px\" aria-hidden=\"true\" class=\"wp-block-spacer\"><\/div>\n\n\n\n<h3 class=\"wp-block-heading\">Renacimiento: elegancia y armon\u00eda<\/h3>\n\n\n\n<div style=\"height:5px\" aria-hidden=\"true\" class=\"wp-block-spacer\"><\/div>\n\n\n\n<p>El Renacimiento se asocia con elegancia, equilibrio y refinamiento art\u00edstico. Es una \u00e9poca marcada por el desarrollo de las artes y la cultura.<\/p>\n\n\n\n<p>Las coreograf\u00edas pueden inspirarse en la armon\u00eda de las cortes europeas. Movimientos fluidos. Formaciones organizadas. Gestos delicados. El vestuario puede incluir tejidos nobles y detalles ornamentales que aporten autenticidad.<\/p>\n\n\n\n<p>Este periodo aporta sofisticaci\u00f3n y belleza cl\u00e1sica a tu gala de danza.<\/p>\n\n\n\n<div style=\"height:20px\" aria-hidden=\"true\" class=\"wp-block-spacer\"><\/div>\n\n\n\n<h3 class=\"wp-block-heading\">Barroco: dramatismo y espect\u00e1culo<\/h3>\n\n\n\n<div style=\"height:5px\" aria-hidden=\"true\" class=\"wp-block-spacer\"><\/div>\n\n\n\n<p>El Barroco destaca por su <strong>teatralidad, opulencia y dramatismo<\/strong>. Es perfecto si buscas una parte m\u00e1s intensa y visualmente impactante.<\/p>\n\n\n\n<p>Los movimientos pueden ser amplios y expresivos. La m\u00fasica puede tener fuerza y contraste. La escenograf\u00eda puede jugar con luces y sombras. El vestuario puede ser recargado, con detalles llamativos.<\/p>\n\n\n\n<p>Esta parte a\u00f1ade profundidad esc\u00e9nica y espectacularidad a tu gala de danza.<\/p>\n\n\n\n<div style=\"height:20px\" aria-hidden=\"true\" class=\"wp-block-spacer\"><\/div>\n\n\n\n<h3 class=\"wp-block-heading\">Los a\u00f1os 20: energ\u00eda y modernidad<\/h3>\n\n\n\n<div style=\"height:5px\" aria-hidden=\"true\" class=\"wp-block-spacer\"><\/div>\n\n\n\n<p>Los a\u00f1os 20 representan <strong>libertad, ritmo y revoluci\u00f3n cultural<\/strong>. Es una etapa din\u00e1mica y vibrante.<\/p>\n\n\n\n<p>Puedes incluir Charleston o jazz. Movimientos r\u00e1pidos. Coreograf\u00edas grupales llenas de energ\u00eda. El vestuario puede incorporar <strong>flecos, lentejuelas y est\u00e9tica vintage<\/strong>.<\/p>\n\n\n\n<p>Esta secci\u00f3n aporta frescura y dinamismo. Y crea un contraste atractivo dentro de la gala de danza.<\/p>\n\n\n\n<div style=\"height:40px\" aria-hidden=\"true\" class=\"wp-block-spacer\"><\/div>\n\n\n\n<h2 class=\"wp-block-heading\">\u00bfNecesitas ayuda con la gesti\u00f3n de inscripciones para tu gala de danza?<\/h2>\n\n\n\n<p>Descubre c\u00f3mo el <strong><a href=\"https:\/\/info.viviarto.com\/es\/software-de-gestion-de-escuela-de-danza\/\">software de gesti\u00f3n para escuelas de danza Viviarto<\/a><\/strong> puede ayudarte a ahorrar tiempo y organizar tu evento con total tranquilidad.<\/p>\n\n\n\t\t<div data-elementor-type=\"section\" data-elementor-id=\"73570\" class=\"elementor elementor-73570 elementor-72373\" data-elementor-post-type=\"elementor_library\">\n\t\t\t<div class=\"elementor-element elementor-element-8016d18 e-flex e-con-boxed e-con e-parent\" data-id=\"8016d18\" data-element_type=\"container\" data-e-type=\"container\">\n\t\t\t\t\t<div class=\"e-con-inner\">\n\t\t\t\t<div class=\"elementor-element elementor-element-4f9903a elementor-widget-divider--view-line elementor-widget elementor-widget-divider\" data-id=\"4f9903a\" data-element_type=\"widget\" data-e-type=\"widget\" data-widget_type=\"divider.default\">\n\t\t\t\t<div class=\"elementor-widget-container\">\n\t\t\t\t\t\t\t<div class=\"elementor-divider\">\n\t\t\t<span class=\"elementor-divider-separator\">\n\t\t\t\t\t\t<\/span>\n\t\t<\/div>\n\t\t\t\t\t\t<\/div>\n\t\t\t\t<\/div>\n\t\t\t\t\t<\/div>\n\t\t\t\t<\/div>\n\t\t<div class=\"elementor-element elementor-element-d576c5f e-flex e-con-boxed e-con e-parent\" data-id=\"d576c5f\" data-element_type=\"container\" data-e-type=\"container\">\n\t\t\t\t\t<div class=\"e-con-inner\">\n\t\t<div class=\"elementor-element elementor-element-49e7769 e-con-full e-flex e-con e-child\" data-id=\"49e7769\" data-element_type=\"container\" data-e-type=\"container\">\n\t\t\t\t<div class=\"elementor-element elementor-element-1d0de9e elementor-widget elementor-widget-text-editor\" data-id=\"1d0de9e\" data-element_type=\"widget\" data-e-type=\"widget\" data-widget_type=\"text-editor.default\">\n\t\t\t\t<div class=\"elementor-widget-container\">\n\t\t\t\t\t\t\t\t\t<h2>Simplifica la gesti\u00f3n de tus clases de danza<\/h2>\t\t\t\t\t\t\t\t<\/div>\n\t\t\t\t<\/div>\n\t\t\t\t<div class=\"elementor-element elementor-element-858a4cd elementor-widget elementor-widget-text-editor\" data-id=\"858a4cd\" data-element_type=\"widget\" data-e-type=\"widget\" data-widget_type=\"text-editor.default\">\n\t\t\t\t<div class=\"elementor-widget-container\">\n\t\t\t\t\t\t\t\t\t<p>Ahorra tiempo, reduce tareas administrativas y optimiza tu organizaci\u00f3n con nuestro software de gesti\u00f3n de danza.<\/p>\t\t\t\t\t\t\t\t<\/div>\n\t\t\t\t<\/div>\n\t\t\t\t<div class=\"elementor-element elementor-element-65eae2d elementor-icon-list--layout-traditional elementor-list-item-link-full_width elementor-widget elementor-widget-icon-list\" data-id=\"65eae2d\" data-element_type=\"widget\" data-e-type=\"widget\" data-widget_type=\"icon-list.default\">\n\t\t\t\t<div class=\"elementor-widget-container\">\n\t\t\t\t\t\t\t<ul class=\"elementor-icon-list-items\">\n\t\t\t\t\t\t\t<li class=\"elementor-icon-list-item\">\n\t\t\t\t\t\t\t\t\t\t\t<span class=\"elementor-icon-list-icon\">\n\t\t\t\t\t\t\t<svg aria-hidden=\"true\" class=\"e-font-icon-svg e-fas-check\" viewBox=\"0 0 512 512\" xmlns=\"http:\/\/www.w3.org\/2000\/svg\"><path d=\"M173.898 439.404l-166.4-166.4c-9.997-9.997-9.997-26.206 0-36.204l36.203-36.204c9.997-9.998 26.207-9.998 36.204 0L192 312.69 432.095 72.596c9.997-9.997 26.207-9.997 36.204 0l36.203 36.204c9.997 9.997 9.997 26.206 0 36.204l-294.4 294.401c-9.998 9.997-26.207 9.997-36.204-.001z\"><\/path><\/svg>\t\t\t\t\t\t<\/span>\n\t\t\t\t\t\t\t\t\t\t<span class=\"elementor-icon-list-text\">Gestiona tus clases de forma f\u00e1cil y eficiente<\/span>\n\t\t\t\t\t\t\t\t\t<\/li>\n\t\t\t\t\t\t\t\t<li class=\"elementor-icon-list-item\">\n\t\t\t\t\t\t\t\t\t\t\t<span class=\"elementor-icon-list-icon\">\n\t\t\t\t\t\t\t<svg aria-hidden=\"true\" class=\"e-font-icon-svg e-fas-check\" viewBox=\"0 0 512 512\" xmlns=\"http:\/\/www.w3.org\/2000\/svg\"><path d=\"M173.898 439.404l-166.4-166.4c-9.997-9.997-9.997-26.206 0-36.204l36.203-36.204c9.997-9.998 26.207-9.998 36.204 0L192 312.69 432.095 72.596c9.997-9.997 26.207-9.997 36.204 0l36.203 36.204c9.997 9.997 9.997 26.206 0 36.204l-294.4 294.401c-9.998 9.997-26.207 9.997-36.204-.001z\"><\/path><\/svg>\t\t\t\t\t\t<\/span>\n\t\t\t\t\t\t\t\t\t\t<span class=\"elementor-icon-list-text\">Impulsa tus inscripciones y haz crecer tu escuela de danza<\/span>\n\t\t\t\t\t\t\t\t\t<\/li>\n\t\t\t\t\t\t\t\t<li class=\"elementor-icon-list-item\">\n\t\t\t\t\t\t\t\t\t\t\t<span class=\"elementor-icon-list-icon\">\n\t\t\t\t\t\t\t<svg aria-hidden=\"true\" class=\"e-font-icon-svg e-fas-check\" viewBox=\"0 0 512 512\" xmlns=\"http:\/\/www.w3.org\/2000\/svg\"><path d=\"M173.898 439.404l-166.4-166.4c-9.997-9.997-9.997-26.206 0-36.204l36.203-36.204c9.997-9.998 26.207-9.998 36.204 0L192 312.69 432.095 72.596c9.997-9.997 26.207-9.997 36.204 0l36.203 36.204c9.997 9.997 9.997 26.206 0 36.204l-294.4 294.401c-9.998 9.997-26.207 9.997-36.204-.001z\"><\/path><\/svg>\t\t\t\t\t\t<\/span>\n\t\t\t\t\t\t\t\t\t\t<span class=\"elementor-icon-list-text\">Pago online para asociaciones<\/span>\n\t\t\t\t\t\t\t\t\t<\/li>\n\t\t\t\t\t\t\t\t<li class=\"elementor-icon-list-item\">\n\t\t\t\t\t\t\t\t\t\t\t<span class=\"elementor-icon-list-icon\">\n\t\t\t\t\t\t\t<svg aria-hidden=\"true\" class=\"e-font-icon-svg e-fas-check\" viewBox=\"0 0 512 512\" xmlns=\"http:\/\/www.w3.org\/2000\/svg\"><path d=\"M173.898 439.404l-166.4-166.4c-9.997-9.997-9.997-26.206 0-36.204l36.203-36.204c9.997-9.998 26.207-9.998 36.204 0L192 312.69 432.095 72.596c9.997-9.997 26.207-9.997 36.204 0l36.203 36.204c9.997 9.997 9.997 26.206 0 36.204l-294.4 294.401c-9.998 9.997-26.207 9.997-36.204-.001z\"><\/path><\/svg>\t\t\t\t\t\t<\/span>\n\t\t\t\t\t\t\t\t\t\t<span class=\"elementor-icon-list-text\">CRM para asociaciones y escuelas de danza<\/span>\n\t\t\t\t\t\t\t\t\t<\/li>\n\t\t\t\t\t\t<\/ul>\n\t\t\t\t\t\t<\/div>\n\t\t\t\t<\/div>\n\t\t\t\t<div class=\"elementor-element elementor-element-45ac25a elementor-widget elementor-widget-button\" data-id=\"45ac25a\" data-element_type=\"widget\" data-e-type=\"widget\" data-widget_type=\"button.default\">\n\t\t\t\t<div class=\"elementor-widget-container\">\n\t\t\t\t\t\t\t\t\t<div class=\"elementor-button-wrapper\">\n\t\t\t\t\t<a class=\"elementor-button elementor-button-link elementor-size-sm\" href=\"https:\/\/info.viviarto.com\/es\/contact\/\">\n\t\t\t\t\t\t<span class=\"elementor-button-content-wrapper\">\n\t\t\t\t\t\t\t\t\t<span class=\"elementor-button-text\">Contacto<\/span>\n\t\t\t\t\t<\/span>\n\t\t\t\t\t<\/a>\n\t\t\t\t<\/div>\n\t\t\t\t\t\t\t\t<\/div>\n\t\t\t\t<\/div>\n\t\t\t\t<\/div>\n\t\t<div class=\"elementor-element elementor-element-45b5e3b e-con-full e-flex e-con e-child\" data-id=\"45b5e3b\" data-element_type=\"container\" data-e-type=\"container\">\n\t\t\t\t<div class=\"elementor-element elementor-element-a167525 elementor-widget elementor-widget-image\" data-id=\"a167525\" data-element_type=\"widget\" data-e-type=\"widget\" data-widget_type=\"image.default\">\n\t\t\t\t<div class=\"elementor-widget-container\">\n\t\t\t\t\t\t\t\t\t\t\t\t\t\t\t<img decoding=\"async\" src=\"https:\/\/info.viviarto.com\/wp-content\/uploads\/2023\/11\/mon-planning.png\" title=\"\" alt=\"Image du Planning disponible sur le logiciel gestion ecole de danse Viviarto\" loading=\"lazy\" \/>\t\t\t\t\t\t\t\t\t\t\t\t\t\t\t<\/div>\n\t\t\t\t<\/div>\n\t\t\t\t<\/div>\n\t\t\t\t\t<\/div>\n\t\t\t\t<\/div>\n\t\t<div class=\"elementor-element elementor-element-5f2b70c e-flex e-con-boxed e-con e-parent\" data-id=\"5f2b70c\" data-element_type=\"container\" data-e-type=\"container\">\n\t\t\t\t\t<div class=\"e-con-inner\">\n\t\t\t\t<div class=\"elementor-element elementor-element-62c2044 elementor-widget-divider--view-line elementor-widget elementor-widget-divider\" data-id=\"62c2044\" data-element_type=\"widget\" data-e-type=\"widget\" data-widget_type=\"divider.default\">\n\t\t\t\t<div class=\"elementor-widget-container\">\n\t\t\t\t\t\t\t<div class=\"elementor-divider\">\n\t\t\t<span class=\"elementor-divider-separator\">\n\t\t\t\t\t\t<\/span>\n\t\t<\/div>\n\t\t\t\t\t\t<\/div>\n\t\t\t\t<\/div>\n\t\t\t\t\t<\/div>\n\t\t\t\t<\/div>\n\t\t\t\t<\/div>\n\t\t\n\n\n\n<div style=\"height:50px\" aria-hidden=\"true\" class=\"wp-block-spacer\"><\/div>\n\n\n\n<h2 class=\"wp-block-heading\"><strong>4. Cine y teatro en tu gala de danza<\/strong><\/h2>\n\n\n\n<div style=\"height:10px\" aria-hidden=\"true\" class=\"wp-block-spacer\"><\/div>\n\n\n\n<p>El tema de <strong>cine y teatro<\/strong> permite unir el espect\u00e1culo en vivo con grandes historias conocidas por el p\u00fablico. Es una propuesta muy emocional y reconocible.<\/p>\n\n\n\n<p>Tu gala de danza puede inspirarse en pel\u00edculas y musicales que han marcado generaciones. Esto facilita la conexi\u00f3n con el p\u00fablico. Y a\u00f1ade una dimensi\u00f3n narrativa fuerte.<\/p>\n\n\n\n<div style=\"height:20px\" aria-hidden=\"true\" class=\"wp-block-spacer\"><\/div>\n\n\n\n<h3 class=\"wp-block-heading\"><strong>Harry Potter: magia y aventura<\/strong><\/h3>\n\n\n\n<div style=\"height:5px\" aria-hidden=\"true\" class=\"wp-block-spacer\"><\/div>\n\n\n\n<p>Inspirarse en el universo de Harry Potter significa trabajar <strong>magia, fantas\u00eda y aventura<\/strong>. Puedes recrear duelos, vuelos simb\u00f3licos o escenas emblem\u00e1ticas.<\/p>\n\n\n\n<p>La m\u00fasica ayuda a crear inmersi\u00f3n. El vestuario y los accesorios refuerzan la ambientaci\u00f3n. Esta tem\u00e1tica convierte tu gala de danza en una experiencia m\u00e1gica y envolvente.<\/p>\n\n\n\n<div style=\"height:20px\" aria-hidden=\"true\" class=\"wp-block-spacer\"><\/div>\n\n\n\n<h3 class=\"wp-block-heading\">Moulin Rouge: pasi\u00f3n y cabaret<\/h3>\n\n\n\n<div style=\"height:5px\" aria-hidden=\"true\" class=\"wp-block-spacer\"><\/div>\n\n\n\n<p>Moulin Rouge evoca <strong>pasi\u00f3n, intensidad y espect\u00e1culo cabaret<\/strong>. Es ideal para n\u00fameros llenos de energ\u00eda y dramatismo.<\/p>\n\n\n\n<p>Las coreograf\u00edas pueden combinar sensualidad y fuerza. El vestuario puede ser llamativo y teatral. Esta parte aporta car\u00e1cter y emoci\u00f3n a tu gala de danza.<\/p>\n\n\n\n<div style=\"height:20px\" aria-hidden=\"true\" class=\"wp-block-spacer\"><\/div>\n\n\n\n<h3 class=\"wp-block-heading\">El fantasma de la \u00f3pera: misterio y romanticismo<\/h3>\n\n\n\n<div style=\"height:5px\" aria-hidden=\"true\" class=\"wp-block-spacer\"><\/div>\n\n\n\n<p>El Fantasma de la \u00d3pera permite explorar <strong>misterio, romanticismo tr\u00e1gico y tensi\u00f3n dram\u00e1tica<\/strong>.<\/p>\n\n\n\n<p>Los d\u00faos pueden reflejar la compleja relaci\u00f3n entre los protagonistas. Las coreograf\u00edas grupales pueden evocar la grandeza del teatro. Es una opci\u00f3n elegante y profunda para tu gala de danza<\/p>\n\n\n\n<div style=\"height:30px\" aria-hidden=\"true\" class=\"wp-block-spacer\"><\/div>\n\n\n\n<h2 class=\"wp-block-heading\"><strong>5. Cuentos y leyendas<\/strong><\/h2>\n\n\n\n<div style=\"height:10px\" aria-hidden=\"true\" class=\"wp-block-spacer\"><\/div>\n\n\n\n<p>La tem\u00e1tica de <strong>cuentos y leyendas<\/strong> invita a un viaje lleno de fantas\u00eda. Es perfecta para una gala de danza visual y emocional.<\/p>\n\n\n\n<p>Permite recrear historias conocidas. Pero tambi\u00e9n reinterpretarlas con creatividad propia. Es un marco ideal para trabajar la expresi\u00f3n art\u00edstica.<\/p>\n\n\n\n<div style=\"height:20px\" aria-hidden=\"true\" class=\"wp-block-spacer\"><\/div>\n\n\n\n<h3 class=\"wp-block-heading\">La Bella y la Bestia: amor y transformaci\u00f3n<\/h3>\n\n\n\n<div style=\"height:5px\" aria-hidden=\"true\" class=\"wp-block-spacer\"><\/div>\n\n\n\n<p>Este cuento gira en torno al <strong>amor verdadero y la transformaci\u00f3n interior<\/strong>.<\/p>\n\n\n\n<p>Las coreograf\u00edas pueden mostrar el contraste entre oscuridad y esperanza. Entre soledad y conexi\u00f3n. Es una historia muy potente para tu gala de danza.<\/p>\n\n\n\n<div style=\"height:20px\" aria-hidden=\"true\" class=\"wp-block-spacer\"><\/div>\n\n\n\n<h3 class=\"wp-block-heading\">Peter Pan: aventura y libertad<\/h3>\n\n\n\n<div style=\"height:5px\" aria-hidden=\"true\" class=\"wp-block-spacer\"><\/div>\n\n\n\n<div style=\"height:5px\" aria-hidden=\"true\" class=\"wp-block-spacer\"><\/div>\n\n\n\n<p>Peter Pan simboliza <strong>infancia eterna, aventura y libertad<\/strong>.<\/p>\n\n\n\n<p>Los movimientos pueden ser a\u00e9reos y ligeros. Las coreograf\u00edas pueden transmitir juego y fantas\u00eda. Es una tem\u00e1tica din\u00e1mica que aporta frescura a la gala de danza.<\/p>\n\n\n\n<div style=\"height:20px\" aria-hidden=\"true\" class=\"wp-block-spacer\"><\/div>\n\n\n\n<h3 class=\"wp-block-heading\">Aladd\u00edn: exotismo y magia<\/h3>\n\n\n\n<div style=\"height:5px\" aria-hidden=\"true\" class=\"wp-block-spacer\"><\/div>\n\n\n\n<p>Aladd\u00edn ofrece un universo lleno de <strong>exotismo, fantas\u00eda y riqueza visual<\/strong>.<\/p>\n\n\n\n<p>Puedes integrar ritmos orientales y movimientos elegantes. El vestuario puede ser brillante y colorido. Esta parte a\u00f1ade variedad est\u00e9tica a tu gala de danza.<\/p>\n\n\n\n<div style=\"height:20px\" aria-hidden=\"true\" class=\"wp-block-spacer\"><\/div>\n\n\n\n<h3 class=\"wp-block-heading\">El Lago de los Cisnes: dualidad y tragedia<\/h3>\n\n\n\n<div style=\"height:5px\" aria-hidden=\"true\" class=\"wp-block-spacer\"><\/div>\n\n\n\n<p>Este cl\u00e1sico trabaja la <strong>dualidad entre amor puro y maldici\u00f3n<\/strong>.<\/p>\n\n\n\n<p>Puedes reinterpretarlo con un enfoque contempor\u00e1neo sin perder su esencia. Es una opci\u00f3n que aporta intensidad emocional y belleza coreogr\u00e1fica a tu gala de danza.<\/p>\n\n\n\n<div style=\"height:30px\" aria-hidden=\"true\" class=\"wp-block-spacer\"><\/div>\n\n\n\n<h2 class=\"wp-block-heading\"><strong>6. Futurismo y ciencia ficci\u00f3n: innovaci\u00f3n en tu gala de danza<\/strong><\/h2>\n\n\n\n<div style=\"height:10px\" aria-hidden=\"true\" class=\"wp-block-spacer\"><\/div>\n\n\n\n<p>El tema de <strong>futurismo y ciencia ficci\u00f3n<\/strong> abre la puerta a la imaginaci\u00f3n. Es una propuesta moderna y diferente para tu gala de danza.<\/p>\n\n\n\n<p>Permite trabajar conceptos como tecnolog\u00eda, espacio y transformaci\u00f3n social. Y ofrece una est\u00e9tica muy potente.<\/p>\n\n\n\n<div style=\"height:20px\" aria-hidden=\"true\" class=\"wp-block-spacer\"><\/div>\n\n\n\n<div class=\"wp-block-columns is-layout-flex wp-container-core-columns-is-layout-28f84493 wp-block-columns-is-layout-flex\">\n<div class=\"wp-block-column is-vertically-aligned-center is-layout-flow wp-block-column-is-layout-flow\">\n<h3 class=\"wp-block-heading\">Robots e inteligencia artificial: humanos y m\u00e1quinas<\/h3>\n\n\n\n<div style=\"height:5px\" aria-hidden=\"true\" class=\"wp-block-spacer\"><\/div>\n\n\n\n<p>Esta propuesta explora la <strong>relaci\u00f3n entre humanos y tecnolog\u00eda<\/strong>.<\/p>\n\n\n\n<p>Los movimientos pueden ser precisos y mec\u00e1nicos. Pero tambi\u00e9n incluir momentos de emoci\u00f3n. El vestuario puede incorporar elementos met\u00e1licos o tecnol\u00f3gicos. Es importante evitar el efecto robot b\u00e1sico. Y construir una historia con sentido dentro de la gala de danza.<\/p>\n<\/div>\n\n\n\n<div class=\"wp-block-column is-layout-flow wp-block-column-is-layout-flow\">\n<figure class=\"wp-block-image size-large\"><img loading=\"lazy\" decoding=\"async\" width=\"1024\" height=\"683\" src=\"https:\/\/info.viviarto.com\/wp-content\/uploads\/2024\/02\/eric-ward-LmeNSowuQGY-unsplash-1024x683.jpg\" alt=\"tem\u00e1ticas para una gala de danza\" class=\"wp-image-72079\" srcset=\"https:\/\/info.viviarto.com\/wp-content\/uploads\/2024\/02\/eric-ward-LmeNSowuQGY-unsplash-1024x683.jpg 1024w, https:\/\/info.viviarto.com\/wp-content\/uploads\/2024\/02\/eric-ward-LmeNSowuQGY-unsplash-300x200.jpg 300w, https:\/\/info.viviarto.com\/wp-content\/uploads\/2024\/02\/eric-ward-LmeNSowuQGY-unsplash-180x120.jpg 180w, https:\/\/info.viviarto.com\/wp-content\/uploads\/2024\/02\/eric-ward-LmeNSowuQGY-unsplash-768x512.jpg 768w, https:\/\/info.viviarto.com\/wp-content\/uploads\/2024\/02\/eric-ward-LmeNSowuQGY-unsplash-1536x1024.jpg 1536w, https:\/\/info.viviarto.com\/wp-content\/uploads\/2024\/02\/eric-ward-LmeNSowuQGY-unsplash-scaled.jpg 2048w\" sizes=\"(max-width: 1024px) 100vw, 1024px\" \/><\/figure>\n<\/div>\n<\/div>\n\n\n\n<div style=\"height:10px\" aria-hidden=\"true\" class=\"wp-block-spacer\"><\/div>\n\n\n\n<h3 class=\"wp-block-heading\">Viaje espacial: exploraci\u00f3n y aventura<\/h3>\n\n\n\n<div style=\"height:5px\" aria-hidden=\"true\" class=\"wp-block-spacer\"><\/div>\n\n\n\n<p>El viaje espacial representa <strong>exploraci\u00f3n, descubrimiento y aventura intergal\u00e1ctica<\/strong>.<\/p>\n\n\n\n<p>Los movimientos pueden ser ligeros, como si flotaran. Los tejidos pueden ser fluidos y brillantes. La m\u00fasica electr\u00f3nica ayuda a crear una atm\u00f3sfera inmersiva. Esta parte aporta originalidad a tu gala de danza.<\/p>\n\n\n\n<div style=\"height:10px\" aria-hidden=\"true\" class=\"wp-block-spacer\"><\/div>\n\n\n\n<div class=\"wp-block-columns is-layout-flex wp-container-core-columns-is-layout-28f84493 wp-block-columns-is-layout-flex\">\n<div class=\"wp-block-column is-vertically-aligned-center is-layout-flow wp-block-column-is-layout-flow\" style=\"flex-basis:65%\">\n<h3 class=\"wp-block-heading\">Utop\u00edas y distop\u00edas: contraste y reflexi\u00f3n<\/h3>\n\n\n\n<div style=\"height:5px\" aria-hidden=\"true\" class=\"wp-block-spacer\"><\/div>\n\n\n\n<p>Este enfoque trabaja el <strong>contraste entre armon\u00eda y conflicto<\/strong>.<\/p>\n\n\n\n<p>Puedes alternar movimientos suaves con secuencias intensas. Jugar con luces y colores. Es importante no caer en un tono demasiado oscuro. A\u00f1adir esperanza refuerza el mensaje de la gala de danza.<\/p>\n<\/div>\n<\/div>\n\n\n\n<div style=\"height:10px\" aria-hidden=\"true\" class=\"wp-block-spacer\"><\/div>\n\n\n\n<h3 class=\"wp-block-heading\">Cyberpunk y realidad virtual: tecnolog\u00eda avanzada<\/h3>\n\n\n\n<div style=\"height:5px\" aria-hidden=\"true\" class=\"wp-block-spacer\"><\/div>\n\n\n\n<p>El universo cyberpunk se basa en <strong>tecnolog\u00eda avanzada y est\u00e9tica urbana futurista<\/strong>.<\/p>\n\n\n\n<p>Las coreograf\u00edas pueden combinar fluidez y ruptura. El vestuario puede incluir gafas, cables o detalles tecnol\u00f3gicos. Es una opci\u00f3n moderna que impacta visualmente en tu gala de danza.<\/p>\n\n\n\n<div style=\"height:20px\" aria-hidden=\"true\" class=\"wp-block-spacer\"><\/div>\n\n\n\n<h2 class=\"wp-block-heading\"><strong>Conclusi\u00f3n: ideas de tem\u00e1ticas para tu gala de danza<\/strong><\/h2>\n\n\n\n<div style=\"height:5px\" aria-hidden=\"true\" class=\"wp-block-spacer\"><\/div>\n\n\n\n<p>Elegir una tem\u00e1tica adecuada define la <strong>identidad, narrativa y emoci\u00f3n<\/strong> de tu gala de danza. Es un paso fundamental en la organizaci\u00f3n.<\/p>\n\n\n\n<p>Ya sea un viaje cultural, hist\u00f3rico o fant\u00e1stico, lo importante es que el tema conecte con tu grupo. Y que cuente una historia propia.<\/p>\n\n\n\n<p>Una gala de danza bien estructurada, con un concepto claro, se convierte en una <strong>experiencia memorable e inspiradora<\/strong> para bailarines y p\u00fablico.<\/p>\n","protected":false},"excerpt":{"rendered":"<p>Organizar una gala de danza es mucho m\u00e1s que preparar una actuaci\u00f3n de fin de curso. Es la ocasi\u00f3n perfecta para poner en valor el trabajo de alumnos y profesores, emocionar al p\u00fablico y crear una experiencia que se recuerde durante mucho tiempo.<\/p>\n<p>Elegir una tem\u00e1tica adecuada puede marcar la diferencia. No solo aporta coherencia al espect\u00e1culo, sino que tambi\u00e9n sirve de gu\u00eda para las coreograf\u00edas, el vestuario, la escenograf\u00eda y la m\u00fasica. Cuando todo encaja, la gala gana fuerza, personalidad y emoci\u00f3n.<\/p>\n<p>Si est\u00e1s buscando inspiraci\u00f3n, aqu\u00ed tienes 6 tem\u00e1ticas para una gala de danza con mucho potencial para sorprender al p\u00fablico y dar forma a un espect\u00e1culo \u00fanico.<\/p>\n","protected":false},"author":7,"featured_media":74164,"comment_status":"open","ping_status":"open","sticky":false,"template":"","format":"standard","meta":{"content-type":"","footnotes":""},"categories":[104,109,105],"tags":[106,110,111],"class_list":["post-74162","post","type-post","status-publish","format-standard","has-post-thumbnail","hentry","category-danse","category-gestion","category-pratiques-artistiques","tag-danse","tag-gestion","tag-spectacle"],"yoast_head":"<!-- This site is optimized with the Yoast SEO plugin v27.5 - https:\/\/yoast.com\/product\/yoast-seo-wordpress\/ -->\n<title>6 tem\u00e1ticas inspiradoras para una gala de danza - Viviarto Pro<\/title>\n<meta name=\"description\" content=\"Insp\u00edrate con tem\u00e1ticas originales para tu gala de danza y transforma el escenario en un viaje cultural o en una aventura fant\u00e1stica.\" \/>\n<meta name=\"robots\" content=\"index, follow, max-snippet:-1, max-image-preview:large, max-video-preview:-1\" \/>\n<link rel=\"canonical\" href=\"https:\/\/info.viviarto.com\/es\/gala-de-danza-thematicas\/\" \/>\n<meta property=\"og:locale\" content=\"es_ES\" \/>\n<meta property=\"og:type\" content=\"article\" \/>\n<meta property=\"og:title\" content=\"6 tem\u00e1ticas inspiradoras para una gala de danza - Viviarto Pro\" \/>\n<meta property=\"og:description\" content=\"Insp\u00edrate con tem\u00e1ticas originales para tu gala de danza y transforma el escenario en un viaje cultural o en una aventura fant\u00e1stica.\" \/>\n<meta property=\"og:url\" content=\"https:\/\/info.viviarto.com\/es\/gala-de-danza-thematicas\/\" \/>\n<meta property=\"og:site_name\" content=\"Viviarto Pro\" \/>\n<meta property=\"article:publisher\" content=\"https:\/\/fr-fr.facebook.com\/viviarto\/\" \/>\n<meta property=\"article:published_time\" content=\"2024-02-21T13:30:00+00:00\" \/>\n<meta property=\"article:modified_time\" content=\"2026-03-01T08:06:29+00:00\" \/>\n<meta property=\"og:image\" content=\"https:\/\/info.viviarto.com\/wp-content\/uploads\/2024\/02\/max-bohme-OTBXHcyDGyQ-unsplash-scaled.jpg\" \/>\n\t<meta property=\"og:image:width\" content=\"1356\" \/>\n\t<meta property=\"og:image:height\" content=\"2048\" \/>\n\t<meta property=\"og:image:type\" content=\"image\/jpeg\" \/>\n<meta name=\"author\" content=\"claire@orizondigital.fr\" \/>\n<meta name=\"twitter:card\" content=\"summary_large_image\" \/>\n<meta name=\"twitter:label1\" content=\"Escrito por\" \/>\n\t<meta name=\"twitter:data1\" content=\"claire@orizondigital.fr\" \/>\n\t<meta name=\"twitter:label2\" content=\"Tiempo de lectura\" \/>\n\t<meta name=\"twitter:data2\" content=\"11 minutos\" \/>\n<script type=\"application\/ld+json\" class=\"yoast-schema-graph\">{\"@context\":\"https:\\\/\\\/schema.org\",\"@graph\":[{\"@type\":\"Article\",\"@id\":\"https:\\\/\\\/info.viviarto.com\\\/es\\\/gala-de-danza-thematicas\\\/#article\",\"isPartOf\":{\"@id\":\"https:\\\/\\\/info.viviarto.com\\\/es\\\/gala-de-danza-thematicas\\\/\"},\"author\":{\"name\":\"claire@orizondigital.fr\",\"@id\":\"https:\\\/\\\/info.viviarto.com\\\/es\\\/#\\\/schema\\\/person\\\/09a55ddf334fdc2dd0fa38c78ca10ace\"},\"headline\":\"6 tem\u00e1ticas inspiradoras para una gala de danza\",\"datePublished\":\"2024-02-21T13:30:00+00:00\",\"dateModified\":\"2026-03-01T08:06:29+00:00\",\"mainEntityOfPage\":{\"@id\":\"https:\\\/\\\/info.viviarto.com\\\/es\\\/gala-de-danza-thematicas\\\/\"},\"wordCount\":2073,\"commentCount\":0,\"publisher\":{\"@id\":\"https:\\\/\\\/info.viviarto.com\\\/es\\\/#organization\"},\"image\":{\"@id\":\"https:\\\/\\\/info.viviarto.com\\\/es\\\/gala-de-danza-thematicas\\\/#primaryimage\"},\"thumbnailUrl\":\"https:\\\/\\\/info.viviarto.com\\\/wp-content\\\/uploads\\\/2024\\\/02\\\/max-bohme-OTBXHcyDGyQ-unsplash-scaled.jpg\",\"keywords\":[\"Danse\",\"gestion\",\"spectacle\"],\"articleSection\":[\"Danse\",\"Gestion\",\"Pratiques artistiques\"],\"inLanguage\":\"es\",\"potentialAction\":[{\"@type\":\"CommentAction\",\"name\":\"Comment\",\"target\":[\"https:\\\/\\\/info.viviarto.com\\\/es\\\/gala-de-danza-thematicas\\\/#respond\"]}]},{\"@type\":\"WebPage\",\"@id\":\"https:\\\/\\\/info.viviarto.com\\\/es\\\/gala-de-danza-thematicas\\\/\",\"url\":\"https:\\\/\\\/info.viviarto.com\\\/es\\\/gala-de-danza-thematicas\\\/\",\"name\":\"6 tem\u00e1ticas inspiradoras para una gala de danza - Viviarto Pro\",\"isPartOf\":{\"@id\":\"https:\\\/\\\/info.viviarto.com\\\/es\\\/#website\"},\"primaryImageOfPage\":{\"@id\":\"https:\\\/\\\/info.viviarto.com\\\/es\\\/gala-de-danza-thematicas\\\/#primaryimage\"},\"image\":{\"@id\":\"https:\\\/\\\/info.viviarto.com\\\/es\\\/gala-de-danza-thematicas\\\/#primaryimage\"},\"thumbnailUrl\":\"https:\\\/\\\/info.viviarto.com\\\/wp-content\\\/uploads\\\/2024\\\/02\\\/max-bohme-OTBXHcyDGyQ-unsplash-scaled.jpg\",\"datePublished\":\"2024-02-21T13:30:00+00:00\",\"dateModified\":\"2026-03-01T08:06:29+00:00\",\"description\":\"Insp\u00edrate con tem\u00e1ticas originales para tu gala de danza y transforma el escenario en un viaje cultural o en una aventura fant\u00e1stica.\",\"breadcrumb\":{\"@id\":\"https:\\\/\\\/info.viviarto.com\\\/es\\\/gala-de-danza-thematicas\\\/#breadcrumb\"},\"inLanguage\":\"es\",\"potentialAction\":[{\"@type\":\"ReadAction\",\"target\":[\"https:\\\/\\\/info.viviarto.com\\\/es\\\/gala-de-danza-thematicas\\\/\"]}]},{\"@type\":\"ImageObject\",\"inLanguage\":\"es\",\"@id\":\"https:\\\/\\\/info.viviarto.com\\\/es\\\/gala-de-danza-thematicas\\\/#primaryimage\",\"url\":\"https:\\\/\\\/info.viviarto.com\\\/wp-content\\\/uploads\\\/2024\\\/02\\\/max-bohme-OTBXHcyDGyQ-unsplash-scaled.jpg\",\"contentUrl\":\"https:\\\/\\\/info.viviarto.com\\\/wp-content\\\/uploads\\\/2024\\\/02\\\/max-bohme-OTBXHcyDGyQ-unsplash-scaled.jpg\",\"width\":1356,\"height\":2048,\"caption\":\"gala de danza\"},{\"@type\":\"BreadcrumbList\",\"@id\":\"https:\\\/\\\/info.viviarto.com\\\/es\\\/gala-de-danza-thematicas\\\/#breadcrumb\",\"itemListElement\":[{\"@type\":\"ListItem\",\"position\":1,\"name\":\"Accueil\",\"item\":\"https:\\\/\\\/info.viviarto.com\\\/es\\\/\"},{\"@type\":\"ListItem\",\"position\":2,\"name\":\"6 tem\u00e1ticas inspiradoras para una gala de danza\"}]},{\"@type\":\"WebSite\",\"@id\":\"https:\\\/\\\/info.viviarto.com\\\/es\\\/#website\",\"url\":\"https:\\\/\\\/info.viviarto.com\\\/es\\\/\",\"name\":\"Viviarto Pro\",\"description\":\"Planning et logiciel de gestion pour les pratiques artistiques, sportives et manuelles\",\"publisher\":{\"@id\":\"https:\\\/\\\/info.viviarto.com\\\/es\\\/#organization\"},\"potentialAction\":[{\"@type\":\"SearchAction\",\"target\":{\"@type\":\"EntryPoint\",\"urlTemplate\":\"https:\\\/\\\/info.viviarto.com\\\/es\\\/?s={search_term_string}\"},\"query-input\":{\"@type\":\"PropertyValueSpecification\",\"valueRequired\":true,\"valueName\":\"search_term_string\"}}],\"inLanguage\":\"es\"},{\"@type\":\"Organization\",\"@id\":\"https:\\\/\\\/info.viviarto.com\\\/es\\\/#organization\",\"name\":\"Viviarto Pro\",\"url\":\"https:\\\/\\\/info.viviarto.com\\\/es\\\/\",\"logo\":{\"@type\":\"ImageObject\",\"inLanguage\":\"es\",\"@id\":\"https:\\\/\\\/info.viviarto.com\\\/es\\\/#\\\/schema\\\/logo\\\/image\\\/\",\"url\":\"https:\\\/\\\/info.viviarto.com\\\/wp-content\\\/uploads\\\/2022\\\/08\\\/LOGO_VIVIARTO_RVB-2.png\",\"contentUrl\":\"https:\\\/\\\/info.viviarto.com\\\/wp-content\\\/uploads\\\/2022\\\/08\\\/LOGO_VIVIARTO_RVB-2.png\",\"width\":611,\"height\":100,\"caption\":\"Viviarto Pro\"},\"image\":{\"@id\":\"https:\\\/\\\/info.viviarto.com\\\/es\\\/#\\\/schema\\\/logo\\\/image\\\/\"},\"sameAs\":[\"https:\\\/\\\/fr-fr.facebook.com\\\/viviarto\\\/\",\"https:\\\/\\\/www.instagram.com\\\/viviarto\\\/?hl=fr\"]},{\"@type\":\"Person\",\"@id\":\"https:\\\/\\\/info.viviarto.com\\\/es\\\/#\\\/schema\\\/person\\\/09a55ddf334fdc2dd0fa38c78ca10ace\",\"name\":\"claire@orizondigital.fr\",\"image\":{\"@type\":\"ImageObject\",\"inLanguage\":\"es\",\"@id\":\"https:\\\/\\\/secure.gravatar.com\\\/avatar\\\/5083ff7626f9d2a648885a1629c8735369abf7f22c68392852604ce97a4d7633?s=96&d=mm&r=g\",\"url\":\"https:\\\/\\\/secure.gravatar.com\\\/avatar\\\/5083ff7626f9d2a648885a1629c8735369abf7f22c68392852604ce97a4d7633?s=96&d=mm&r=g\",\"contentUrl\":\"https:\\\/\\\/secure.gravatar.com\\\/avatar\\\/5083ff7626f9d2a648885a1629c8735369abf7f22c68392852604ce97a4d7633?s=96&d=mm&r=g\",\"caption\":\"claire@orizondigital.fr\"}}]}<\/script>\n<!-- \/ Yoast SEO plugin. -->","yoast_head_json":{"title":"6 tem\u00e1ticas inspiradoras para una gala de danza - Viviarto Pro","description":"Insp\u00edrate con tem\u00e1ticas originales para tu gala de danza y transforma el escenario en un viaje cultural o en una aventura fant\u00e1stica.","robots":{"index":"index","follow":"follow","max-snippet":"max-snippet:-1","max-image-preview":"max-image-preview:large","max-video-preview":"max-video-preview:-1"},"canonical":"https:\/\/info.viviarto.com\/es\/gala-de-danza-thematicas\/","og_locale":"es_ES","og_type":"article","og_title":"6 tem\u00e1ticas inspiradoras para una gala de danza - Viviarto Pro","og_description":"Insp\u00edrate con tem\u00e1ticas originales para tu gala de danza y transforma el escenario en un viaje cultural o en una aventura fant\u00e1stica.","og_url":"https:\/\/info.viviarto.com\/es\/gala-de-danza-thematicas\/","og_site_name":"Viviarto Pro","article_publisher":"https:\/\/fr-fr.facebook.com\/viviarto\/","article_published_time":"2024-02-21T13:30:00+00:00","article_modified_time":"2026-03-01T08:06:29+00:00","og_image":[{"width":1356,"height":2048,"url":"https:\/\/info.viviarto.com\/wp-content\/uploads\/2024\/02\/max-bohme-OTBXHcyDGyQ-unsplash-scaled.jpg","type":"image\/jpeg"}],"author":"claire@orizondigital.fr","twitter_card":"summary_large_image","twitter_misc":{"Escrito por":"claire@orizondigital.fr","Tiempo de lectura":"11 minutos"},"schema":{"@context":"https:\/\/schema.org","@graph":[{"@type":"Article","@id":"https:\/\/info.viviarto.com\/es\/gala-de-danza-thematicas\/#article","isPartOf":{"@id":"https:\/\/info.viviarto.com\/es\/gala-de-danza-thematicas\/"},"author":{"name":"claire@orizondigital.fr","@id":"https:\/\/info.viviarto.com\/es\/#\/schema\/person\/09a55ddf334fdc2dd0fa38c78ca10ace"},"headline":"6 tem\u00e1ticas inspiradoras para una gala de danza","datePublished":"2024-02-21T13:30:00+00:00","dateModified":"2026-03-01T08:06:29+00:00","mainEntityOfPage":{"@id":"https:\/\/info.viviarto.com\/es\/gala-de-danza-thematicas\/"},"wordCount":2073,"commentCount":0,"publisher":{"@id":"https:\/\/info.viviarto.com\/es\/#organization"},"image":{"@id":"https:\/\/info.viviarto.com\/es\/gala-de-danza-thematicas\/#primaryimage"},"thumbnailUrl":"https:\/\/info.viviarto.com\/wp-content\/uploads\/2024\/02\/max-bohme-OTBXHcyDGyQ-unsplash-scaled.jpg","keywords":["Danse","gestion","spectacle"],"articleSection":["Danse","Gestion","Pratiques artistiques"],"inLanguage":"es","potentialAction":[{"@type":"CommentAction","name":"Comment","target":["https:\/\/info.viviarto.com\/es\/gala-de-danza-thematicas\/#respond"]}]},{"@type":"WebPage","@id":"https:\/\/info.viviarto.com\/es\/gala-de-danza-thematicas\/","url":"https:\/\/info.viviarto.com\/es\/gala-de-danza-thematicas\/","name":"6 tem\u00e1ticas inspiradoras para una gala de danza - Viviarto Pro","isPartOf":{"@id":"https:\/\/info.viviarto.com\/es\/#website"},"primaryImageOfPage":{"@id":"https:\/\/info.viviarto.com\/es\/gala-de-danza-thematicas\/#primaryimage"},"image":{"@id":"https:\/\/info.viviarto.com\/es\/gala-de-danza-thematicas\/#primaryimage"},"thumbnailUrl":"https:\/\/info.viviarto.com\/wp-content\/uploads\/2024\/02\/max-bohme-OTBXHcyDGyQ-unsplash-scaled.jpg","datePublished":"2024-02-21T13:30:00+00:00","dateModified":"2026-03-01T08:06:29+00:00","description":"Insp\u00edrate con tem\u00e1ticas originales para tu gala de danza y transforma el escenario en un viaje cultural o en una aventura fant\u00e1stica.","breadcrumb":{"@id":"https:\/\/info.viviarto.com\/es\/gala-de-danza-thematicas\/#breadcrumb"},"inLanguage":"es","potentialAction":[{"@type":"ReadAction","target":["https:\/\/info.viviarto.com\/es\/gala-de-danza-thematicas\/"]}]},{"@type":"ImageObject","inLanguage":"es","@id":"https:\/\/info.viviarto.com\/es\/gala-de-danza-thematicas\/#primaryimage","url":"https:\/\/info.viviarto.com\/wp-content\/uploads\/2024\/02\/max-bohme-OTBXHcyDGyQ-unsplash-scaled.jpg","contentUrl":"https:\/\/info.viviarto.com\/wp-content\/uploads\/2024\/02\/max-bohme-OTBXHcyDGyQ-unsplash-scaled.jpg","width":1356,"height":2048,"caption":"gala de danza"},{"@type":"BreadcrumbList","@id":"https:\/\/info.viviarto.com\/es\/gala-de-danza-thematicas\/#breadcrumb","itemListElement":[{"@type":"ListItem","position":1,"name":"Accueil","item":"https:\/\/info.viviarto.com\/es\/"},{"@type":"ListItem","position":2,"name":"6 tem\u00e1ticas inspiradoras para una gala de danza"}]},{"@type":"WebSite","@id":"https:\/\/info.viviarto.com\/es\/#website","url":"https:\/\/info.viviarto.com\/es\/","name":"Viviarto Pro","description":"Planning et logiciel de gestion pour les pratiques artistiques, sportives et manuelles","publisher":{"@id":"https:\/\/info.viviarto.com\/es\/#organization"},"potentialAction":[{"@type":"SearchAction","target":{"@type":"EntryPoint","urlTemplate":"https:\/\/info.viviarto.com\/es\/?s={search_term_string}"},"query-input":{"@type":"PropertyValueSpecification","valueRequired":true,"valueName":"search_term_string"}}],"inLanguage":"es"},{"@type":"Organization","@id":"https:\/\/info.viviarto.com\/es\/#organization","name":"Viviarto Pro","url":"https:\/\/info.viviarto.com\/es\/","logo":{"@type":"ImageObject","inLanguage":"es","@id":"https:\/\/info.viviarto.com\/es\/#\/schema\/logo\/image\/","url":"https:\/\/info.viviarto.com\/wp-content\/uploads\/2022\/08\/LOGO_VIVIARTO_RVB-2.png","contentUrl":"https:\/\/info.viviarto.com\/wp-content\/uploads\/2022\/08\/LOGO_VIVIARTO_RVB-2.png","width":611,"height":100,"caption":"Viviarto Pro"},"image":{"@id":"https:\/\/info.viviarto.com\/es\/#\/schema\/logo\/image\/"},"sameAs":["https:\/\/fr-fr.facebook.com\/viviarto\/","https:\/\/www.instagram.com\/viviarto\/?hl=fr"]},{"@type":"Person","@id":"https:\/\/info.viviarto.com\/es\/#\/schema\/person\/09a55ddf334fdc2dd0fa38c78ca10ace","name":"claire@orizondigital.fr","image":{"@type":"ImageObject","inLanguage":"es","@id":"https:\/\/secure.gravatar.com\/avatar\/5083ff7626f9d2a648885a1629c8735369abf7f22c68392852604ce97a4d7633?s=96&d=mm&r=g","url":"https:\/\/secure.gravatar.com\/avatar\/5083ff7626f9d2a648885a1629c8735369abf7f22c68392852604ce97a4d7633?s=96&d=mm&r=g","contentUrl":"https:\/\/secure.gravatar.com\/avatar\/5083ff7626f9d2a648885a1629c8735369abf7f22c68392852604ce97a4d7633?s=96&d=mm&r=g","caption":"claire@orizondigital.fr"}}]}},"_links":{"self":[{"href":"https:\/\/info.viviarto.com\/es\/wp-json\/wp\/v2\/posts\/74162","targetHints":{"allow":["GET"]}}],"collection":[{"href":"https:\/\/info.viviarto.com\/es\/wp-json\/wp\/v2\/posts"}],"about":[{"href":"https:\/\/info.viviarto.com\/es\/wp-json\/wp\/v2\/types\/post"}],"author":[{"embeddable":true,"href":"https:\/\/info.viviarto.com\/es\/wp-json\/wp\/v2\/users\/7"}],"replies":[{"embeddable":true,"href":"https:\/\/info.viviarto.com\/es\/wp-json\/wp\/v2\/comments?post=74162"}],"version-history":[{"count":4,"href":"https:\/\/info.viviarto.com\/es\/wp-json\/wp\/v2\/posts\/74162\/revisions"}],"predecessor-version":[{"id":74412,"href":"https:\/\/info.viviarto.com\/es\/wp-json\/wp\/v2\/posts\/74162\/revisions\/74412"}],"wp:featuredmedia":[{"embeddable":true,"href":"https:\/\/info.viviarto.com\/es\/wp-json\/wp\/v2\/media\/74164"}],"wp:attachment":[{"href":"https:\/\/info.viviarto.com\/es\/wp-json\/wp\/v2\/media?parent=74162"}],"wp:term":[{"taxonomy":"category","embeddable":true,"href":"https:\/\/info.viviarto.com\/es\/wp-json\/wp\/v2\/categories?post=74162"},{"taxonomy":"post_tag","embeddable":true,"href":"https:\/\/info.viviarto.com\/es\/wp-json\/wp\/v2\/tags?post=74162"}],"curies":[{"name":"wp","href":"https:\/\/api.w.org\/{rel}","templated":true}]}}